{"id":10816,"date":"2021-01-03T16:17:30","date_gmt":"2021-01-03T20:17:30","guid":{"rendered":"https:\/\/wandernotizen.com\/?p=10816"},"modified":"2023-01-02T16:45:54","modified_gmt":"2023-01-02T20:45:54","slug":"der-reiseblog-gegen-fernweh","status":"publish","type":"post","link":"https:\/\/wandernotizen.com\/en\/der-reiseblog-gegen-fernweh\/","title":{"rendered":"The best travel blog for wanderlust"},"content":{"rendered":"<p>Dass <a href=\"http:\/\/wandernotizen.com\/en\/\" target=\"_blank\" rel=\"noreferrer noopener\"><strong>Wandernotizen<\/strong><\/a> mittlerweile nicht mehr nur mein pers\u00f6nlicher Reiseblog, sondern zu einem Reiseblog gegen Fernweh geworden ist, ist vielen von euch aufgefallen. Aber dennoch bekomme ich hin und wieder die Frage, was alles hier zu finden ist. Ich m\u00f6chte daher die ruhige Zeit des Jahres nutzen und dir zeigen, f\u00fcr was genau Wandernotizen steht und wobei dir der Blog helfen und dich inspirieren kann.<\/p>\n\n\n\n<h2 class=\"wp-block-heading\" id=\"h-was-ist-wandernotizen-com-genau\">Was ist Wandernotizen.com genau?<\/h2>\n\n\n<div class=\"wp-block-image\">\n<figure class=\"aligncenter size-large is-resized\"><img loading=\"lazy\" decoding=\"async\" src=\"https:\/\/egx5hoebfh6.exactdn.com\/wp-content\/uploads\/2020\/09\/wandernotizen_logo_uni-1024x313.png?strip=all\" alt=\"mein reiseblog\" class=\"wp-image-10190\" width=\"303\" height=\"91\" srcset=\"https:\/\/egx5hoebfh6.exactdn.com\/wp-content\/uploads\/2020\/09\/wandernotizen_logo_uni-610x186.png?strip=all 610w, https:\/\/egx5hoebfh6.exactdn.com\/wp-content\/uploads\/2020\/09\/wandernotizen_logo_uni-980x299.png?strip=all 980w, https:\/\/egx5hoebfh6.exactdn.com\/wp-content\/uploads\/2020\/09\/wandernotizen_logo_uni.png?strip=all&amp;zoom=0.2&amp;resize=303%2C91 60w, https:\/\/egx5hoebfh6.exactdn.com\/wp-content\/uploads\/2020\/09\/wandernotizen_logo_uni.png?strip=all&amp;zoom=0.4&amp;resize=303%2C91 121w, https:\/\/egx5hoebfh6.exactdn.com\/wp-content\/uploads\/2020\/09\/wandernotizen_logo_uni.png?strip=all&amp;zoom=0.6&amp;resize=303%2C91 181w, https:\/\/egx5hoebfh6.exactdn.com\/wp-content\/uploads\/2020\/09\/wandernotizen_logo_uni.png?strip=all&amp;zoom=0.8&amp;resize=303%2C91 242w, https:\/\/egx5hoebfh6.exactdn.com\/wp-content\/uploads\/2020\/09\/wandernotizen_logo_uni.png?strip=all&amp;zoom=1&amp;resize=303%2C91 303w, https:\/\/egx5hoebfh6.exactdn.com\/wp-content\/uploads\/2020\/09\/wandernotizen_logo_uni.png?strip=all&amp;zoom=3&amp;resize=303%2C91 909w\" sizes=\"auto, (max-width: 303px) 100vw, 303px\" \/><figcaption class=\"wp-element-caption\">Mein Logo seit November 2020<\/figcaption><\/figure>\n<\/div>\n\n\n<p>Mein <strong>Schweizer<\/strong> <strong>Reiseblog gegen Fernweh<\/strong> &#8211; Wandernotizen.com richtet sich in erster Linie an Reiseliebende, die unsere sch\u00f6ne Welt anschauen m\u00f6chten, jedoch entweder derzeit nicht reisen k\u00f6nnen oder eine Inspiration f\u00fcr ihre n\u00e4chste Reise suchen. Ich gebe dir hier Tipps, wo du unvergessliche Erlebnisse bekommst, die dir ein Leben lang in Erinnerung bleiben. Du siehst ausserdem das Leben einer Schweizer Familie, die die Welt mit ihren Kindern erkundet. Deshalb sind in der Zwischenzeit viele Aktivit\u00e4ten mehr f\u00fcr Familien geeignet.<\/p>\n\n\n\n<h2 class=\"wp-block-heading\" id=\"h-wer-bloggt-hier-und-warum\">Wer bloggt hier und warum?<\/h2>\n\n\n\n<figure class=\"wp-block-image size-large\"><img loading=\"lazy\" decoding=\"async\" width=\"1024\" height=\"485\" src=\"https:\/\/egx5hoebfh6.exactdn.com\/wp-content\/uploads\/2020\/11\/20201025_165027-1024x485.jpeg?strip=all\" alt=\"schweizer reiseblog\" class=\"wp-image-10587\" srcset=\"https:\/\/egx5hoebfh6.exactdn.com\/wp-content\/uploads\/2020\/11\/20201025_165027-1024x485.jpeg?strip=all 1024w, https:\/\/egx5hoebfh6.exactdn.com\/wp-content\/uploads\/2020\/11\/20201025_165027-300x142.jpeg?strip=all 300w, https:\/\/egx5hoebfh6.exactdn.com\/wp-content\/uploads\/2020\/11\/20201025_165027-768x364.jpeg?strip=all 768w, https:\/\/egx5hoebfh6.exactdn.com\/wp-content\/uploads\/2020\/11\/20201025_165027-1536x727.jpeg?strip=all 1536w, https:\/\/egx5hoebfh6.exactdn.com\/wp-content\/uploads\/2020\/11\/20201025_165027-2048x970.jpeg?strip=all 2048w, https:\/\/egx5hoebfh6.exactdn.com\/wp-content\/uploads\/2020\/11\/20201025_165027-610x289.jpeg?strip=all 610w, https:\/\/egx5hoebfh6.exactdn.com\/wp-content\/uploads\/2020\/11\/20201025_165027-1080x511.jpeg?strip=all 1080w, https:\/\/egx5hoebfh6.exactdn.com\/wp-content\/uploads\/2020\/11\/20201025_165027-1280x606.jpeg?strip=all 1280w, https:\/\/egx5hoebfh6.exactdn.com\/wp-content\/uploads\/2020\/11\/20201025_165027-980x464.jpeg?strip=all 980w, https:\/\/egx5hoebfh6.exactdn.com\/wp-content\/uploads\/2020\/11\/20201025_165027-480x227.jpeg?strip=all 480w, https:\/\/egx5hoebfh6.exactdn.com\/wp-content\/uploads\/2020\/11\/20201025_165027.jpeg?strip=all&amp;w=888 888w, https:\/\/egx5hoebfh6.exactdn.com\/wp-content\/uploads\/2020\/11\/20201025_165027.jpeg?strip=all&amp;w=1333 1333w, https:\/\/egx5hoebfh6.exactdn.com\/wp-content\/uploads\/2020\/11\/20201025_165027.jpeg?strip=all&amp;w=1777 1777w, https:\/\/egx5hoebfh6.exactdn.com\/wp-content\/uploads\/2020\/11\/20201025_165027.jpeg?strip=all 2222w\" sizes=\"auto, (max-width: 1024px) 100vw, 1024px\" \/><figcaption class=\"wp-element-caption\"><em>Schweizer Reiseblog &#8211; Wandernotizen.com<\/em><\/figcaption><\/figure>\n\n\n\n<p>Ich bin Dennis, Jahrgang 80 und zusammen mit meiner Familie liebe ich das Reisen. Schon seit Jahren lege ich mehr Wert darauf in Zeit und Erlebnisse mit meiner Familie zu investieren, als in materielle Dinge. Fr\u00fcher musste es immer das neuste Handy sein, der neuste PC und fancy Klamotten. Nach mehreren Reisen, auch alleine, habe ich immer mehr die Zufriedenheit in Dingen entdeckt, die nicht endlich sind. Alles Materielle geht mit der Zeit kaputt oder ich habe es selbst irgendwann als &#8222;nicht mehr sch\u00f6n genug&#8220; bezeichnet, weil es Kratzer hatte oder Gebrauchsspuren.<\/p>\n\n\n\n<h2 class=\"wp-block-heading\">Memories Last A Lifetime!<\/h2>\n\n\n\n<p>Eine Reise verbraucht sich nicht. Du hast zwar irgendwann mal an einem Ort alles gesehen, aber die Welt ist Gott sei Dank gross genug. Ein weiterer positiver Aspekt ist, dass mit jedem Ortswechsel eine riesen Ver\u00e4nderung daherkommt und gerade Ver\u00e4nderung sorgt daf\u00fcr, dass sich Zufriedenheit und Erf\u00fcllung einstellen k\u00f6nnen. Die Herausforderung, die daf\u00fcr immer mal wieder n\u00f6tig ist, gibt das letzte kleine Bisschen zur Vollkommenheit dazu. Das ist ziemlich philosophisch aber auch gleichzeitig so wahr.<\/p>\n\n\n\n<p>Es ben\u00f6tigt daf\u00fcr \u00fcbrigens nicht immer einen Landeswechsel. Unsere Homebase ist die Schweiz. Wir unternehmen dort viele Tagesausfl\u00fcge. Oder wir bleiben eine oder zwei N\u00e4chte im Hotel bzw. schlafen im Zelt. Letzteres gef\u00e4llt den Kids nat\u00fcrlich tausendmal besser. Auch in der N\u00e4he kann man Abenteuer erleben, so haben wir 2020 in einer <a href=\"https:\/\/wandernotizen.com\/en\/travel\/million-stars-hotel-in-sankt-moritz\/\" data-type=\"post\" data-id=\"10056\"><strong>Gondel<\/strong><\/a> auf 3000 m H\u00f6he im Engadin \u00fcbernachtet. \ud83d\ude42 Daf\u00fcr ist mein Reiseblog gegen Fernweh schlussendlich da, um dir solche Erlebnisse n\u00e4her zu bringen.<\/p>\n\n\n\n<p>So m\u00f6chte ich dir mit meinem Schweizer Reiseblog dabei helfen, Ideen zu finden f\u00fcr Ausfl\u00fcge und Reisen. Ein Leser hat mir mal geschrieben, dass meine Wanderungen ihn dazu motiviert haben, Wanderwege in Deutschland zu entdecken und haben ihm \u00fcber die Zeit eines Lockdowns geholfen. Genau daf\u00fcr ist mein Blog und er ist auch ein Reiseblog gegen Fernweh, f\u00fcr alle Daheimgebliebenen.<\/p>\n\n\n\n<h2 class=\"wp-block-heading\" id=\"h-struktur-meines-reiseblogs\">Struktur meines Schweizer Reiseblogs<\/h2>\n\n\n\n<figure class=\"wp-block-image size-large\"><img loading=\"lazy\" decoding=\"async\" width=\"1024\" height=\"576\" src=\"https:\/\/egx5hoebfh6.exactdn.com\/wp-content\/uploads\/2017\/12\/20171216_095652-1024x576.jpg?strip=all\" alt=\"reiseblog gegen fernweh\" class=\"wp-image-5322\" srcset=\"https:\/\/egx5hoebfh6.exactdn.com\/wp-content\/uploads\/2017\/12\/20171216_095652-1024x576.jpg?strip=all 1024w, https:\/\/egx5hoebfh6.exactdn.com\/wp-content\/uploads\/2017\/12\/20171216_095652-300x169.jpg?strip=all 300w, https:\/\/egx5hoebfh6.exactdn.com\/wp-content\/uploads\/2017\/12\/20171216_095652-768x432.jpg?strip=all 768w, https:\/\/egx5hoebfh6.exactdn.com\/wp-content\/uploads\/2017\/12\/20171216_095652.jpg?strip=all 1920w, https:\/\/egx5hoebfh6.exactdn.com\/wp-content\/uploads\/2017\/12\/20171216_095652.jpg?strip=all&amp;w=384 384w, https:\/\/egx5hoebfh6.exactdn.com\/wp-content\/uploads\/2017\/12\/20171216_095652.jpg?strip=all&amp;w=1152 1152w, https:\/\/egx5hoebfh6.exactdn.com\/wp-content\/uploads\/2017\/12\/20171216_095652.jpg?strip=all&amp;w=1536 1536w, https:\/\/egx5hoebfh6.exactdn.com\/wp-content\/uploads\/2017\/12\/20171216_095652.jpg?strip=all&amp;w=450 450w\" sizes=\"auto, (max-width: 1024px) 100vw, 1024px\" \/><\/figure>\n\n\n\n<p>Ich habe meine Reisen sinnvoll nach Kontinenten und L\u00e4ndern aufgeteilt. So hast du eine schlanke \u00dcbersicht \u00fcber die L\u00e4nder, die ich bereits bereist habe. Fallen dir eigentlich zwei weitere Worte ein, die so toll hintereinander passen wie &#8222;<strong>bereits bereist<\/strong>&#8222;? =) Mir spontan zumindest nicht. Also weiter im Text&#8230;<\/p>\n\n\n\n<p>Mir ist in erster Linie wichtig, dass meine Impressionen auch so r\u00fcber kommen, wie ich sie erlebe, daher schreibe ich nicht ein Copywriting \/ Verkaufstext wie aus dem Lehrbuch. Sondern ich schreibe so, wie es mir gerade passt und wie ich es erlebt habe. Kein Beitrag ist gleich aufgebaut. Aber in nahezu jedem Beitrag gibt es Tipps zur Anreise, zu Ausfl\u00fcgen, zur Kultur oder sonstigen Dingen, die ich f\u00fcr wichtig erachte. Ich versuche alle Details so genau wie m\u00f6glich anzugeben. Allerdings ist es bei \u00e4lteren Beitr\u00e4ge leider auch ab und zu so, dass die Daten entweder verhaltet sind oder zum Beispiels Restaurants oder Aktivit\u00e4ten gar nicht mehr existieren. <\/p>\n\n\n\n<h3 class=\"wp-block-heading\">Reiseberichte und Outdoor<\/h3>\n\n\n\n<p>Neben der Kategorie <strong><a href=\"https:\/\/wandernotizen.com\/en\/category\/reiseberichte\/\" target=\"_blank\" rel=\"noreferrer noopener\">Travel Reports<\/a><\/strong> findest du die Kategorie <a href=\"https:\/\/wandernotizen.com\/en\/category\/outdoor\/\" target=\"_blank\" rel=\"noreferrer noopener\"><strong>Outdoor<\/strong><\/a>. Dort findest du Wanderungen, haupts\u00e4chlich in der Schweiz. Weiterhin gebe ich dir einige Tipps f\u00fcr Equipment und Ausr\u00fcstung. <\/p>\n\n\n\n<p>Die Kategorie Mischmasch, die mittlerweile in Lifestyle umbenannt wurde, enth\u00e4lt lustige Sachen, Witze und Dinge, die sonst nirgends reinpassen. Aber auch allgemeine Themen behandele ich dort mal. Unterm Strich gesagt. Alles was mich so besch\u00e4ftigt.<\/p>\n\n\n\n<p>Unter <a href=\"https:\/\/wandernotizen.com\/en\/category\/webcam\/\" target=\"_blank\" rel=\"noreferrer noopener\"><strong>Webcams<\/strong><\/a> habe ich meine Lieblingsorte aufgelistet. Mit der Webcam kann ich bequem schauen, wie es gerade vor Ort aussieht. Ich halte nichts von Wettervorhersagen. Ich schaue lieber kurz rein, wie es vor Ort ist und entscheide dann, ob ich einen Ausflug dahin unternehme. Diese Kategorie ist gleichzeitig auch am schwersten aktuell zu halten. Daher verzeiht, wenn mal eine Kamera hier offline ist.<\/p>\n\n\n\n<p><a href=\"https:\/\/kinder-gr.ch\" target=\"_blank\" rel=\"noreferrer noopener\"><strong>Familienausfl\u00fcge<\/strong><\/a> ist eine Kooperation mit dem Kinderportal Graub\u00fcnden. Dort findest du ausschliesslich Ausfl\u00fcge in Graub\u00fcnden f\u00fcr Familien. Das Portal ist bereits seit 2018 online und f\u00fcllt sich mehr und mehr mit Ausflugstipps in Graub\u00fcnden. Die Kategorie <strong>Schlechtwetterprogramm Graub\u00fcnden<\/strong> ist \u00fcbrigens die meistbesuchte dort. Obwohl das Wetter im B\u00fcndnerland meist fantastisch ist.<\/p>\n\n\n\n<h2 class=\"wp-block-heading\">Remote Work Update 2023<\/h2>\n\n\n\n<p>Lange habe ich \u00fcberlegt, ob ich mich auf Reiseberichte beschr\u00e4nken soll. Da ich immer wieder von euch Fragen bekomme, die die Arbeit von unterwegs betreffen, habe ich mich dazu entschlossen eine neue Kategorie hier ins Leben zu rufen. Unter <strong><a href=\"https:\/\/wandernotizen.com\/en\/category\/remote-work\/\">Remote Work<\/a><\/strong> findest du ab 2023 Tipps zum Arbeiten von unterwegs. Ich stelle dir Equipment vor, mit dem ich selbst unterwegs arbeite und auch Software und Apps erw\u00e4hne ich immer mal wieder. Diese erleichtern dir den Alltag.<\/p>\n\n\n\n<p>Es gibt ja zum Gl\u00fcck immer mehr Digitale Nomaden und auch Digitale Nomaden Schweiz, die von unterwegs aus ihr Geld verdienen. Aber auch wenn du selbst\u00e4ndig bist und eher von einem festen Ort aus arbeitest, helfen dir die Tools und Tips weiter. <\/p>\n\n\n\n<p>Ein Schweizer Reiseblog zusagen, der dir nicht nur Inspirationen bietet sondern jetzt auch noch das Arbeitsleben erleichtert. \ud83d\ude42 <\/p>\n\n\n\n<h2 class=\"wp-block-heading\" id=\"h-social-media\">Social Media<\/h2>\n\n\n\n<h3 class=\"wp-block-heading\">Mein Schweizer Reiseblog auf Instagram<\/h3>\n\n\n\n<p>Mein Reiseblog und ich sind selbstverst\u00e4ndlich auch auf diversen sozialen Kan\u00e4len zu finden. Ich habe unter anderem einen Instagram Channel (<a href=\"https:\/\/instagram.com\/wandernotizen\" target=\"_blank\" rel=\"noopener\"><strong>@wandernotizen<\/strong><\/a>), auf dem ich regelm\u00e4ssig Content ver\u00f6ffentliche. Mittlerweile lege ich allerdings dort nicht mehr soviel Wert auf h\u00e4ufiges Posten, sondern ich habe die Qualit\u00e4t der Bilder etwas hochgeschraubt. Deshalb gibt es jetzt dort so ein bis zwei Bilder in der Woche in richtig guter Qualit\u00e4t, quasi Qualit\u00e4t statt Quantit\u00e4t, wie es so sch\u00f6n heisst.<\/p>\n\n\n\n<p>Folge mir auf Instagram und du lernst viele Teile unser Welt anhand von Bildern und Videos kennen. Damit lassen sich Reisen einfach besser planen und du bekommst nat\u00fcrlich auch immer zwischendrin die ein oder andere Frage beanwortet. <\/p>\n\n\n\n<h3 class=\"wp-block-heading\">Facebook<\/h3>\n\n\n\n<p>Weiterhin treibe ich auf Facebook mein Unwesen und unterhalte dort eine <a href=\"https:\/\/facebook.com\/wandernotizen\" target=\"_blank\" rel=\"noopener\"><strong>Facebook Page<\/strong><\/a>. Allerdings teile ich dort lediglich Beitr\u00e4ge, die ich hier auf meinem Blog ver\u00f6ffentliche bzw. auf Instagram. ich schreibe kaum Beitr\u00e4ge nur f\u00fcr Facebook.<\/p>\n\n\n\n<p>Wenn du also beiden Kan\u00e4len folgst, bekommst du alles mit, was ich hier ver\u00f6ffentliche und verpasst nichts.<\/p>\n\n\n\n<h2 class=\"wp-block-heading\" id=\"h-der-reiseblog-gegen-fernweh-wandernotizen-com\">Der Reiseblog gegen Fernweh &#8211; Wandernotizen.com<\/h2>\n\n\n\n<figure class=\"wp-block-image size-full\"><img loading=\"lazy\" decoding=\"async\" width=\"2222\" height=\"1054\" src=\"https:\/\/egx5hoebfh6.exactdn.com\/wp-content\/uploads\/2020\/08\/20200815_142503.jpeg?strip=all\" alt=\"mein reiseblog schweiz wandern\" class=\"wp-image-10136\" srcset=\"https:\/\/egx5hoebfh6.exactdn.com\/wp-content\/uploads\/2020\/08\/20200815_142503.jpeg?strip=all 2222w, https:\/\/egx5hoebfh6.exactdn.com\/wp-content\/uploads\/2020\/08\/20200815_142503-300x142.jpeg?strip=all 300w, https:\/\/egx5hoebfh6.exactdn.com\/wp-content\/uploads\/2020\/08\/20200815_142503-1024x486.jpeg?strip=all 1024w, https:\/\/egx5hoebfh6.exactdn.com\/wp-content\/uploads\/2020\/08\/20200815_142503-768x364.jpeg?strip=all 768w, https:\/\/egx5hoebfh6.exactdn.com\/wp-content\/uploads\/2020\/08\/20200815_142503-1536x729.jpeg?strip=all 1536w, https:\/\/egx5hoebfh6.exactdn.com\/wp-content\/uploads\/2020\/08\/20200815_142503-2048x971.jpeg?strip=all 2048w, https:\/\/egx5hoebfh6.exactdn.com\/wp-content\/uploads\/2020\/08\/20200815_142503-610x289.jpeg?strip=all 610w, https:\/\/egx5hoebfh6.exactdn.com\/wp-content\/uploads\/2020\/08\/20200815_142503-1080x512.jpeg?strip=all 1080w, https:\/\/egx5hoebfh6.exactdn.com\/wp-content\/uploads\/2020\/08\/20200815_142503-1280x607.jpeg?strip=all 1280w, https:\/\/egx5hoebfh6.exactdn.com\/wp-content\/uploads\/2020\/08\/20200815_142503-980x465.jpeg?strip=all 980w, https:\/\/egx5hoebfh6.exactdn.com\/wp-content\/uploads\/2020\/08\/20200815_142503-480x228.jpeg?strip=all 480w, https:\/\/egx5hoebfh6.exactdn.com\/wp-content\/uploads\/2020\/08\/20200815_142503.jpeg?strip=all&amp;w=888 888w, https:\/\/egx5hoebfh6.exactdn.com\/wp-content\/uploads\/2020\/08\/20200815_142503.jpeg?strip=all&amp;w=1333 1333w, https:\/\/egx5hoebfh6.exactdn.com\/wp-content\/uploads\/2020\/08\/20200815_142503.jpeg?strip=all&amp;w=1777 1777w, https:\/\/egx5hoebfh6.exactdn.com\/wp-content\/uploads\/2020\/08\/20200815_142503.jpeg?strip=all&amp;w=1920 1920w\" sizes=\"auto, (max-width: 1200px) 100vw, 1200px\" \/><figcaption class=\"wp-element-caption\"><em>Arosa &#8211; Graub\u00fcnden<\/em><\/figcaption><\/figure>\n\n\n\n<p>Gerade in Krisenzeiten, wo ein Lockdown den anderen jagt, kann es helfen entspannt ein paar sch\u00f6ne Fotos von unserer sch\u00f6nen Welt anzuschauen. Mein Reiseblog beinhaltet ausschliesslich Bilder, die ich selbst gemacht habe. Meist nur mit meinem Handy, da die Qualit\u00e4t mittlerweile so gut ist, dass ich keine grosse Fotoausr\u00fcstung mit mir rumschleppen muss. Die Bilder d\u00fcrfen selbstverst\u00e4ndlich weiterverwendet werden. F\u00fcr kommerzielle Nutzung m\u00f6chte ich einen Backlink zu meiner Seite hier. Schreibe mich doch daf\u00fcr bitte einfach an. <\/p>\n\n\n\n<p>M\u00f6chtest du dir ein Bild ausdrucken und ben\u00f6tigst es in grosser Aufl\u00f6sung, schreib mir doch ebenfalls eine Mail oder nutze mein <a href=\"https:\/\/wandernotizen.com\/en\/kontakt\/\" target=\"_blank\" rel=\"noreferrer noopener\"><strong>Kontaktformular<\/strong><\/a>. Ich verlange daf\u00fcr kein Geld, sofern du es nicht f\u00fcr kommerzielle Zwecke ben\u00f6tigst. \ud83d\ude42<\/p>\n\n\n\n<p>Nun w\u00fcnsche ich dir ganz viel Spass auf meinen Schweizer Reiseblog gegen Fernweh. Geniesse deine Reisen, lass dich inspirieren und informieren und verbringe eine gute und gesunde Zeit. Und denke daran: <strong>Wir k\u00f6nnen meist die Situation nicht \u00e4ndern, aber wir k\u00f6nnen unsere Reaktion darauf selbst bestimmen!<\/strong> <\/p>\n\n\n\n<p>Travel safe!<\/p>\n\n\n\n<p><em><strong>Dennis &#8211; wandernotizen.com | Reiseblog gegen Fernweh<\/strong><\/em><\/p>","protected":false},"excerpt":{"rendered":"<p>Many of you have noticed that my hiking notes have become more than just my personal travel blog; they've become a travel blog to combat wanderlust. But still, I occasionally get the question, what's all this about... <a title=\"The best travel blog for wanderlust\" class=\"read-more\" href=\"https:\/\/wandernotizen.com\/en\/der-reiseblog-gegen-fernweh\/\" aria-label=\"Read more about Der beste Reiseblog gegen Fernweh\">READ MORE<\/a><\/p>","protected":false},"author":1,"featured_media":10871,"comment_status":"closed","ping_status":"open","sticky":false,"template":"","format":"standard","meta":{"footnotes":""},"categories":[139],"tags":[2169,2170,2171],"class_list":["post-10816","post","type-post","status-publish","format-standard","has-post-thumbnail","hentry","category-lifestyle","tag-about","tag-ueber-mich","tag-ueber-wandernotizen","infinite-scroll-item","generate-columns","tablet-grid-50","mobile-grid-100","grid-parent","grid-50"],"_links":{"self":[{"href":"https:\/\/wandernotizen.com\/en\/wp-json\/wp\/v2\/posts\/10816","targetHints":{"allow":["GET"]}}],"collection":[{"href":"https:\/\/wandernotizen.com\/en\/wp-json\/wp\/v2\/posts"}],"about":[{"href":"https:\/\/wandernotizen.com\/en\/wp-json\/wp\/v2\/types\/post"}],"author":[{"embeddable":true,"href":"https:\/\/wandernotizen.com\/en\/wp-json\/wp\/v2\/users\/1"}],"replies":[{"embeddable":true,"href":"https:\/\/wandernotizen.com\/en\/wp-json\/wp\/v2\/comments?post=10816"}],"version-history":[{"count":0,"href":"https:\/\/wandernotizen.com\/en\/wp-json\/wp\/v2\/posts\/10816\/revisions"}],"wp:featuredmedia":[{"embeddable":true,"href":"https:\/\/wandernotizen.com\/en\/wp-json\/wp\/v2\/media\/10871"}],"wp:attachment":[{"href":"https:\/\/wandernotizen.com\/en\/wp-json\/wp\/v2\/media?parent=10816"}],"wp:term":[{"taxonomy":"category","embeddable":true,"href":"https:\/\/wandernotizen.com\/en\/wp-json\/wp\/v2\/categories?post=10816"},{"taxonomy":"post_tag","embeddable":true,"href":"https:\/\/wandernotizen.com\/en\/wp-json\/wp\/v2\/tags?post=10816"}],"curies":[{"name":"wp","href":"https:\/\/api.w.org\/{rel}","templated":true}]}}