{"id":3433,"date":"2016-07-30T23:29:25","date_gmt":"2016-07-30T21:29:25","guid":{"rendered":"http:\/\/141080.com\/?p=3433"},"modified":"2020-04-11T09:14:58","modified_gmt":"2020-04-11T07:14:58","slug":"schellen-ursli-guarda-und-die-schweizer-kindergeschichte-2016-07-30","status":"publish","type":"post","link":"https:\/\/wandernotizen.com\/en\/schellen-ursli-guarda-und-die-schweizer-kindergeschichte-2016-07-30\/","title":{"rendered":"Schellen-Ursli, Guarda, and the Swiss Children's Story"},"content":{"rendered":"<p>Schellen-Ursli Guarda and the Swiss Children's Story by the Author <a href=\"https:\/\/de.wikipedia.org\/wiki\/Selina_Ch%C3%B6nz\" target=\"_blank\" rel=\"noopener noreferrer\">Selina Ch\u00f6nz<\/a>, those are things that were completely new to me until a few years ago. Okay, the details aren't always the most important. I'm primarily interested in<\/p>\n<p><!--more--><\/p>\n<p>die Berge und die Umgebung sowie das Wandern und auch einfach nur Entspannen. So bin ich bereits einige Male zuvor an Guarda vorbeigefahren, auf dem Weg nach Scuol bzw. ins Unterengadin. Die Gegend dort ist traumhaft. Daher ging es heute mal wieder dorthin und diesmal direkt nach Guarda.<\/p>\n<p>Die Frage wie man am besten dorthin kommt ist nicht so einfach zu beantworten. Im Winter ganz klar durch den Tunnel <a href=\"https:\/\/de.wikipedia.org\/wiki\/Vereinatunnel\" target=\"_blank\" rel=\"noopener noreferrer\">Vereina<\/a>, den man \u00fcber Klosters im Pr\u00e4ttigau erreicht.<\/p>\n<p>Im Sommer hat man aber auch die M\u00f6glichkeit \u00fcber den Fl\u00fcelapass zu fahren, was immer ein kleiner Augenschmaus bedeutet. Ausserdem gibt es einige tolle View Points zum Bildermachen und Pausieren.<\/p>\n<p>Anyway, wie auch immer man ins Unterengadin f\u00e4hrt, man biegt immer links ab Richtung Scuol. Nach ein paar Minuten kommt ein Schild, das euch nach Guarda f\u00fchrt, indem ihr nochmals links abbiegt und ein paar Meter den Berg hoch fahrt. Der Ort selbst ist f\u00fcr Fremde autofrei. Nur Einwohner und Hotelg\u00e4ste d\u00fcrfen in den Ort reinfahren.<\/p>\n<p>Aber alles halb so wild. Der Fussmarsch dauert gerade 10 Minuten und wird durch die wundersch\u00f6ne Bergkulisse zu einem ersten Highlight. Im Ort angekommen fallen einem die typischen <a href=\"https:\/\/de.wikipedia.org\/wiki\/Engadinerhaus\" target=\"_blank\" rel=\"noopener noreferrer\">Engadinerh\u00e4user<\/a> auf, die meist in einem engen Verbund stehen.<\/p>\n<p>Heute, am 30.07.2016 ist zuf\u00e4llig ein Schellen-Ursli Fest hier in Guarda. Das ist super, da heute etwas los ist. Normalerweise ist es relativ ruhig im Ort&#8230;sehr sehr sehr ruhig, um genau zu sein.<\/p>\n<p>Trotzdem touchieren wir das Fest erstmal nur und gehen weiter zum Hotel Meisser, das bereits 1893 er\u00f6ffnet hat. Deren Garten ist absolut genial zum Entspannen. Hier ist es mega ruhig und man kann ganz gechilled ein Bier bei der tollen Kulisse schl\u00fcrfen. Ich kann hier auch die B\u00fcndner Gerstensuppe empfehlen. Super lecker.<\/p>\n<p>Danach gehen wir auf&#8217;s Fest, wo wir allerdings nur schnell etwas essen. Das Fest findet auf dem Dorfplatz statt. Dort wo auch ein Teil des Schellen-Ursli Guarda Films spielt, der 2015 in den Kinos war.<\/p>\n<p>Auf dem Weg zum Dorfplatz passiert man das Schellen-Ursli Museum. Dieses ist gratis und lebt von Spenden. Man sieht altes Ger\u00e4t und Utensilien von Fr\u00fcher und kann sich so ganz gut ein Bild vom Leben in Guarda machen und wie es vor allem in den langen und harten Wintern hier zuging.<\/p>\n<p>Wer einen Ausflug nach Guarda unternimmt, dem empfehle ich anschliessend weiter nach Scuol zu fahren. Meist hat man noch etwas Zeit vom Tag \u00fcber, da man sich in Guarda nicht wirklich einen ganzen Tag aufhalten kann. Jedenfalls ist Scuol ideal zum Shoppen und Abh\u00e4ngen und man kann alternativ auch noch im Bogn Engiadina vorbeischauen. Das ist eine gr\u00f6ssere Wellnessoase und ein Spa, mit Saunabereich, Gesundheits- und irischen B\u00e4dern. Tolle Sache! =)<\/p>\n<p>Zur\u00fcck fahre ich eigentlich immer durch den Tunnel Vereina, da so ein entspannender Tag ganz sch\u00f6n anstrengend sein kann \ud83d\ude42<\/p>\n<p>Hier aber nun ein paar Schnappsch\u00fcsse aus Schellen-Ursli Guarda.<\/p>\n<style type=\"text\/css\">\n#foogallery-gallery-3439 .fg-image { width: 150px; }\n#foogallery-gallery-3439 { --fg-gutter: 10px; }<\/style>\n\t\t\t<style type=\"text\/css\">\n#foogallery-gallery-3439_1 .fg-image { width: 150px; }\n#foogallery-gallery-3439_1 { --fg-gutter: 10px; }<\/style>\n\t\t\t<div class=\"foogallery foogallery-container foogallery-default foogallery-lightbox-foogallery fg-left fg-m-col2 fg-default fg-ready fg-light fg-border-thin fg-shadow-outline fg-loading-default fg-loaded-fade-in fg-caption-hover fg-hover-fade fg-hover-zoom\" id=\"foogallery-gallery-3439_1\" data-foogallery=\"{&quot;item&quot;:{&quot;showCaptionTitle&quot;:true,&quot;showCaptionDescription&quot;:true},&quot;lazy&quot;:true,&quot;state&quot;:{&quot;enabled&quot;:true,&quot;mask&quot;:&quot;foogallery-{id}&quot;}}\" data-foogallery-lightbox=\"{&quot;thumbs&quot;:&quot;bottom&quot;,&quot;thumbsCaptions&quot;:false,&quot;thumbsBestFit&quot;:false,&quot;thumbsSmall&quot;:false,&quot;thumbsCaptionsAlign&quot;:&quot;default&quot;,&quot;info&quot;:&quot;bottom&quot;,&quot;infoVisible&quot;:true,&quot;infoOverlay&quot;:true,&quot;infoAlign&quot;:&quot;default&quot;,&quot;transition&quot;:&quot;fade&quot;,&quot;hoverButtons&quot;:false,&quot;fitMedia&quot;:false,&quot;noScrollbars&quot;:true,&quot;preserveButtonSpace&quot;:true,&quot;buttons&quot;:{&quot;fullscreen&quot;:true,&quot;info&quot;:true,&quot;thumbs&quot;:false},&quot;video&quot;:{&quot;autoPlay&quot;:true}}\" style=\"--fg-title-line-clamp: 0; --fg-description-line-clamp: 0;\" >\n\t<div class=\"fg-item fg-type-image fg-idle\"><figure class=\"fg-item-inner\"><a href=\"https:\/\/egx5hoebfh6.exactdn.com\/wp-content\/uploads\/2016\/07\/20160730_121349.jpg?strip=all&w=2560\" data-attachment-id=\"3440\" data-type=\"image\" class=\"fg-thumb\"><span class=\"fg-image-wrap\"><img decoding=\"async\" width=\"150\" height=\"150\" class=\"skip-lazy fg-image\" data-src-fg=\"https:\/\/wandernotizen.com\/wp-content\/uploads\/cache\/2016\/07\/20160730_121349\/551084236.jpg\" data-srcset-fg=\"https:\/\/wandernotizen.com\/wp-content\/uploads\/cache\/2016\/07\/20160730_121349\/3092969361.jpg 4x\" src=\"data:image\/svg+xml,%3Csvg%20xmlns%3D%22http%3A%2F%2Fwww.w3.org%2F2000%2Fsvg%22%20width%3D%22150%22%20height%3D%22150%22%20viewBox%3D%220%200%20150%20150%22%3E%3C%2Fsvg%3E\" loading=\"eager\"><\/span><span class=\"fg-image-overlay\"><\/span><\/a><\/figure><div class=\"fg-loader\"><\/div><\/div><div class=\"fg-item fg-type-image fg-idle\"><figure class=\"fg-item-inner\"><a href=\"https:\/\/egx5hoebfh6.exactdn.com\/wp-content\/uploads\/2016\/07\/20160730_121553-e1469914206799.jpg?strip=all&w=2560\" data-attachment-id=\"3441\" data-type=\"image\" class=\"fg-thumb\"><span class=\"fg-image-wrap\"><img decoding=\"async\" width=\"150\" height=\"150\" class=\"skip-lazy fg-image\" data-src-fg=\"https:\/\/wandernotizen.com\/wp-content\/uploads\/cache\/2016\/07\/20160730_121553-e1469914206799\/3228569393.jpg\" data-srcset-fg=\"https:\/\/wandernotizen.com\/wp-content\/uploads\/cache\/2016\/07\/20160730_121553-e1469914206799\/461204253.jpg 4x\" src=\"data:image\/svg+xml,%3Csvg%20xmlns%3D%22http%3A%2F%2Fwww.w3.org%2F2000%2Fsvg%22%20width%3D%22150%22%20height%3D%22150%22%20viewBox%3D%220%200%20150%20150%22%3E%3C%2Fsvg%3E\" loading=\"eager\"><\/span><span class=\"fg-image-overlay\"><\/span><\/a><\/figure><div class=\"fg-loader\"><\/div><\/div><div class=\"fg-item fg-type-image fg-idle\"><figure class=\"fg-item-inner\"><a href=\"https:\/\/egx5hoebfh6.exactdn.com\/wp-content\/uploads\/2016\/07\/20160730_122444.jpg?strip=all&w=2560\" data-attachment-id=\"3442\" data-type=\"image\" class=\"fg-thumb\"><span class=\"fg-image-wrap\"><img decoding=\"async\" width=\"150\" height=\"150\" class=\"skip-lazy fg-image\" data-src-fg=\"https:\/\/wandernotizen.com\/wp-content\/uploads\/cache\/2016\/07\/20160730_122444\/1960110303.jpg\" data-srcset-fg=\"https:\/\/wandernotizen.com\/wp-content\/uploads\/cache\/2016\/07\/20160730_122444\/3965124482.jpg 4x\" src=\"data:image\/svg+xml,%3Csvg%20xmlns%3D%22http%3A%2F%2Fwww.w3.org%2F2000%2Fsvg%22%20width%3D%22150%22%20height%3D%22150%22%20viewBox%3D%220%200%20150%20150%22%3E%3C%2Fsvg%3E\" loading=\"eager\"><\/span><span class=\"fg-image-overlay\"><\/span><\/a><\/figure><div class=\"fg-loader\"><\/div><\/div><div class=\"fg-item fg-type-image fg-idle\"><figure class=\"fg-item-inner\"><a href=\"https:\/\/egx5hoebfh6.exactdn.com\/wp-content\/uploads\/2016\/07\/20160730_131051.jpg?strip=all&w=2560\" data-attachment-id=\"3443\" data-type=\"image\" class=\"fg-thumb\"><span class=\"fg-image-wrap\"><img decoding=\"async\" width=\"150\" height=\"150\" class=\"skip-lazy fg-image\" data-src-fg=\"https:\/\/wandernotizen.com\/wp-content\/uploads\/cache\/2016\/07\/20160730_131051\/2063124657.jpg\" data-srcset-fg=\"https:\/\/wandernotizen.com\/wp-content\/uploads\/cache\/2016\/07\/20160730_131051\/3799703532.jpg 4x\" src=\"data:image\/svg+xml,%3Csvg%20xmlns%3D%22http%3A%2F%2Fwww.w3.org%2F2000%2Fsvg%22%20width%3D%22150%22%20height%3D%22150%22%20viewBox%3D%220%200%20150%20150%22%3E%3C%2Fsvg%3E\" loading=\"eager\"><\/span><span class=\"fg-image-overlay\"><\/span><\/a><\/figure><div class=\"fg-loader\"><\/div><\/div><div class=\"fg-item fg-type-image fg-idle\"><figure class=\"fg-item-inner\"><a href=\"https:\/\/egx5hoebfh6.exactdn.com\/wp-content\/uploads\/2016\/07\/20160730_131707-e1469914197963.jpg?strip=all&w=2560\" data-attachment-id=\"3444\" data-type=\"image\" class=\"fg-thumb\"><span class=\"fg-image-wrap\"><img decoding=\"async\" width=\"150\" height=\"150\" class=\"skip-lazy fg-image\" data-src-fg=\"https:\/\/wandernotizen.com\/wp-content\/uploads\/cache\/2016\/07\/20160730_131707-e1469914197963\/1881719293.jpg\" data-srcset-fg=\"https:\/\/wandernotizen.com\/wp-content\/uploads\/cache\/2016\/07\/20160730_131707-e1469914197963\/2871371217.jpg 4x\" src=\"data:image\/svg+xml,%3Csvg%20xmlns%3D%22http%3A%2F%2Fwww.w3.org%2F2000%2Fsvg%22%20width%3D%22150%22%20height%3D%22150%22%20viewBox%3D%220%200%20150%20150%22%3E%3C%2Fsvg%3E\" loading=\"eager\"><\/span><span class=\"fg-image-overlay\"><\/span><\/a><\/figure><div class=\"fg-loader\"><\/div><\/div><div class=\"fg-item fg-type-image fg-idle\"><figure class=\"fg-item-inner\"><a href=\"https:\/\/egx5hoebfh6.exactdn.com\/wp-content\/uploads\/2016\/07\/20160730_133545.jpg?strip=all&w=2560\" data-attachment-id=\"3445\" data-type=\"image\" class=\"fg-thumb\"><span class=\"fg-image-wrap\"><img decoding=\"async\" width=\"150\" height=\"150\" class=\"skip-lazy fg-image\" data-src-fg=\"https:\/\/wandernotizen.com\/wp-content\/uploads\/cache\/2016\/07\/20160730_133545\/1352926978.jpg\" data-srcset-fg=\"https:\/\/wandernotizen.com\/wp-content\/uploads\/cache\/2016\/07\/20160730_133545\/3357937759.jpg 4x\" src=\"data:image\/svg+xml,%3Csvg%20xmlns%3D%22http%3A%2F%2Fwww.w3.org%2F2000%2Fsvg%22%20width%3D%22150%22%20height%3D%22150%22%20viewBox%3D%220%200%20150%20150%22%3E%3C%2Fsvg%3E\" loading=\"eager\"><\/span><span class=\"fg-image-overlay\"><\/span><\/a><\/figure><div class=\"fg-loader\"><\/div><\/div><div class=\"fg-item fg-type-image fg-idle\"><figure class=\"fg-item-inner\"><a href=\"https:\/\/egx5hoebfh6.exactdn.com\/wp-content\/uploads\/2016\/07\/20160730_134144.jpg?strip=all&w=2560\" data-attachment-id=\"3446\" data-type=\"image\" class=\"fg-thumb\"><span class=\"fg-image-wrap\"><img decoding=\"async\" width=\"150\" height=\"150\" class=\"skip-lazy fg-image\" data-src-fg=\"https:\/\/wandernotizen.com\/wp-content\/uploads\/cache\/2016\/07\/20160730_134144\/1391616642.jpg\" data-srcset-fg=\"https:\/\/wandernotizen.com\/wp-content\/uploads\/cache\/2016\/07\/20160730_134144\/3396367839.jpg 4x\" src=\"data:image\/svg+xml,%3Csvg%20xmlns%3D%22http%3A%2F%2Fwww.w3.org%2F2000%2Fsvg%22%20width%3D%22150%22%20height%3D%22150%22%20viewBox%3D%220%200%20150%20150%22%3E%3C%2Fsvg%3E\" loading=\"eager\"><\/span><span class=\"fg-image-overlay\"><\/span><\/a><\/figure><div class=\"fg-loader\"><\/div><\/div><div class=\"fg-item fg-type-image fg-idle\"><figure class=\"fg-item-inner\"><a href=\"https:\/\/egx5hoebfh6.exactdn.com\/wp-content\/uploads\/2016\/07\/20160730_134954.jpg?strip=all&w=2560\" data-attachment-id=\"3447\" data-type=\"image\" class=\"fg-thumb\"><span class=\"fg-image-wrap\"><img decoding=\"async\" width=\"150\" height=\"150\" class=\"skip-lazy fg-image\" data-src-fg=\"https:\/\/wandernotizen.com\/wp-content\/uploads\/cache\/2016\/07\/20160730_134954\/205882984.jpg\" data-srcset-fg=\"https:\/\/wandernotizen.com\/wp-content\/uploads\/cache\/2016\/07\/20160730_134954\/2496106805.jpg 4x\" src=\"data:image\/svg+xml,%3Csvg%20xmlns%3D%22http%3A%2F%2Fwww.w3.org%2F2000%2Fsvg%22%20width%3D%22150%22%20height%3D%22150%22%20viewBox%3D%220%200%20150%20150%22%3E%3C%2Fsvg%3E\" loading=\"eager\"><\/span><span class=\"fg-image-overlay\"><\/span><\/a><\/figure><div class=\"fg-loader\"><\/div><\/div><div class=\"fg-item fg-type-image fg-idle\"><figure class=\"fg-item-inner\"><a href=\"https:\/\/egx5hoebfh6.exactdn.com\/wp-content\/uploads\/2016\/07\/20160730_152625-e1469914188102.jpg?strip=all&w=2560\" data-attachment-id=\"3448\" data-type=\"image\" class=\"fg-thumb\"><span class=\"fg-image-wrap\"><img decoding=\"async\" width=\"150\" height=\"150\" class=\"skip-lazy fg-image\" data-src-fg=\"https:\/\/wandernotizen.com\/wp-content\/uploads\/cache\/2016\/07\/20160730_152625-e1469914188102\/2284553908.jpg\" data-srcset-fg=\"https:\/\/wandernotizen.com\/wp-content\/uploads\/cache\/2016\/07\/20160730_152625-e1469914188102\/1395057304.jpg 4x\" src=\"data:image\/svg+xml,%3Csvg%20xmlns%3D%22http%3A%2F%2Fwww.w3.org%2F2000%2Fsvg%22%20width%3D%22150%22%20height%3D%22150%22%20viewBox%3D%220%200%20150%20150%22%3E%3C%2Fsvg%3E\" loading=\"eager\"><\/span><span class=\"fg-image-overlay\"><\/span><\/a><\/figure><div class=\"fg-loader\"><\/div><\/div><div class=\"fg-item fg-type-image fg-idle\"><figure class=\"fg-item-inner\"><a href=\"https:\/\/egx5hoebfh6.exactdn.com\/wp-content\/uploads\/2016\/07\/20160730_152708.jpg?strip=all&w=2560\" data-attachment-id=\"3449\" data-type=\"image\" class=\"fg-thumb\"><span class=\"fg-image-wrap\"><img decoding=\"async\" width=\"150\" height=\"150\" class=\"skip-lazy fg-image\" data-src-fg=\"https:\/\/wandernotizen.com\/wp-content\/uploads\/cache\/2016\/07\/20160730_152708\/2992285404.jpg\" data-srcset-fg=\"https:\/\/wandernotizen.com\/wp-content\/uploads\/cache\/2016\/07\/20160730_152708\/718844289.jpg 4x\" src=\"data:image\/svg+xml,%3Csvg%20xmlns%3D%22http%3A%2F%2Fwww.w3.org%2F2000%2Fsvg%22%20width%3D%22150%22%20height%3D%22150%22%20viewBox%3D%220%200%20150%20150%22%3E%3C%2Fsvg%3E\" loading=\"eager\"><\/span><span class=\"fg-image-overlay\"><\/span><\/a><\/figure><div class=\"fg-loader\"><\/div><\/div><div class=\"fg-item fg-type-image fg-idle\"><figure class=\"fg-item-inner\"><a href=\"https:\/\/egx5hoebfh6.exactdn.com\/wp-content\/uploads\/2016\/07\/20160730_152743-e1469914181440.jpg?strip=all&w=2560\" data-attachment-id=\"3450\" data-type=\"image\" class=\"fg-thumb\"><span class=\"fg-image-wrap\"><img decoding=\"async\" width=\"150\" height=\"150\" class=\"skip-lazy fg-image\" data-src-fg=\"https:\/\/wandernotizen.com\/wp-content\/uploads\/cache\/2016\/07\/20160730_152743-e1469914181440\/3769086980.jpg\" data-srcset-fg=\"https:\/\/wandernotizen.com\/wp-content\/uploads\/cache\/2016\/07\/20160730_152743-e1469914181440\/1001050152.jpg 4x\" src=\"data:image\/svg+xml,%3Csvg%20xmlns%3D%22http%3A%2F%2Fwww.w3.org%2F2000%2Fsvg%22%20width%3D%22150%22%20height%3D%22150%22%20viewBox%3D%220%200%20150%20150%22%3E%3C%2Fsvg%3E\" loading=\"eager\"><\/span><span class=\"fg-image-overlay\"><\/span><\/a><\/figure><div class=\"fg-loader\"><\/div><\/div><div class=\"fg-item fg-type-image fg-idle\"><figure class=\"fg-item-inner\"><a href=\"https:\/\/egx5hoebfh6.exactdn.com\/wp-content\/uploads\/2016\/07\/20160730_1555190.jpg?strip=all&w=2560\" data-attachment-id=\"3451\" data-type=\"image\" class=\"fg-thumb\"><span class=\"fg-image-wrap\"><img decoding=\"async\" width=\"150\" height=\"150\" class=\"skip-lazy fg-image\" data-src-fg=\"https:\/\/wandernotizen.com\/wp-content\/uploads\/cache\/2016\/07\/20160730_1555190\/310277948.jpg\" data-srcset-fg=\"https:\/\/wandernotizen.com\/wp-content\/uploads\/cache\/2016\/07\/20160730_1555190\/121428066.jpg 4x\" src=\"data:image\/svg+xml,%3Csvg%20xmlns%3D%22http%3A%2F%2Fwww.w3.org%2F2000%2Fsvg%22%20width%3D%22150%22%20height%3D%22150%22%20viewBox%3D%220%200%20150%20150%22%3E%3C%2Fsvg%3E\" loading=\"eager\"><\/span><span class=\"fg-image-overlay\"><\/span><\/a><\/figure><div class=\"fg-loader\"><\/div><\/div><div class=\"fg-item fg-type-image fg-idle\"><figure class=\"fg-item-inner\"><a href=\"https:\/\/egx5hoebfh6.exactdn.com\/wp-content\/uploads\/2016\/07\/20160730_191119.jpg?strip=all&w=2560\" data-attachment-id=\"3452\" data-type=\"image\" class=\"fg-thumb\"><span class=\"fg-image-wrap\"><img decoding=\"async\" width=\"150\" height=\"150\" class=\"skip-lazy fg-image\" data-src-fg=\"https:\/\/wandernotizen.com\/wp-content\/uploads\/cache\/2016\/07\/20160730_191119\/3198126067.jpg\" data-srcset-fg=\"https:\/\/wandernotizen.com\/wp-content\/uploads\/cache\/2016\/07\/20160730_191119\/639471790.jpg 4x\" src=\"data:image\/svg+xml,%3Csvg%20xmlns%3D%22http%3A%2F%2Fwww.w3.org%2F2000%2Fsvg%22%20width%3D%22150%22%20height%3D%22150%22%20viewBox%3D%220%200%20150%20150%22%3E%3C%2Fsvg%3E\" loading=\"eager\"><\/span><span class=\"fg-image-overlay\"><\/span><\/a><\/figure><div class=\"fg-loader\"><\/div><\/div><\/div>","protected":false},"excerpt":{"rendered":"<p>Schellen-Ursli Guarda und die schweizer Kindergeschichte der Autorin Selina Ch\u00f6nz, das sind Dinge, die mir bis vor ein paar Jahren komplett neu waren. Okay, die Details dazu sind mitunter nicht die wichtigsten. Interessiere ich mich &#8230; <a title=\"Schellen-Ursli, Guarda, and the Swiss Children&#039;s Story\" class=\"read-more\" href=\"https:\/\/wandernotizen.com\/en\/schellen-ursli-guarda-und-die-schweizer-kindergeschichte-2016-07-30\/\" aria-label=\"Read more about Schellen-Ursli Guarda und die schweizer Kindergeschichte\">READ MORE<\/a><\/p>","protected":false},"author":1,"featured_media":3449,"comment_status":"open","ping_status":"open","sticky":false,"template":"","format":"standard","meta":{"footnotes":""},"categories":[126,305],"tags":[285,287,286],"class_list":["post-3433","post","type-post","status-publish","format-standard","has-post-thumbnail","hentry","category-europa","category-schweiz","tag-guarda","tag-marchen","tag-schellenursli","infinite-scroll-item","generate-columns","tablet-grid-50","mobile-grid-100","grid-parent","grid-50"],"_links":{"self":[{"href":"https:\/\/wandernotizen.com\/en\/wp-json\/wp\/v2\/posts\/3433","targetHints":{"allow":["GET"]}}],"collection":[{"href":"https:\/\/wandernotizen.com\/en\/wp-json\/wp\/v2\/posts"}],"about":[{"href":"https:\/\/wandernotizen.com\/en\/wp-json\/wp\/v2\/types\/post"}],"author":[{"embeddable":true,"href":"https:\/\/wandernotizen.com\/en\/wp-json\/wp\/v2\/users\/1"}],"replies":[{"embeddable":true,"href":"https:\/\/wandernotizen.com\/en\/wp-json\/wp\/v2\/comments?post=3433"}],"version-history":[{"count":0,"href":"https:\/\/wandernotizen.com\/en\/wp-json\/wp\/v2\/posts\/3433\/revisions"}],"wp:featuredmedia":[{"embeddable":true,"href":"https:\/\/wandernotizen.com\/en\/wp-json\/wp\/v2\/media\/3449"}],"wp:attachment":[{"href":"https:\/\/wandernotizen.com\/en\/wp-json\/wp\/v2\/media?parent=3433"}],"wp:term":[{"taxonomy":"category","embeddable":true,"href":"https:\/\/wandernotizen.com\/en\/wp-json\/wp\/v2\/categories?post=3433"},{"taxonomy":"post_tag","embeddable":true,"href":"https:\/\/wandernotizen.com\/en\/wp-json\/wp\/v2\/tags?post=3433"}],"curies":[{"name":"wp","href":"https:\/\/api.w.org\/{rel}","templated":true}]}}