{"id":4631,"date":"2017-06-15T20:57:57","date_gmt":"2017-06-15T18:57:57","guid":{"rendered":"http:\/\/141080.com\/?p=4631"},"modified":"2018-10-18T10:37:24","modified_gmt":"2018-10-18T08:37:24","slug":"ein-bisschen-abkuhlung-fur-die-heissen-tage","status":"publish","type":"post","link":"https:\/\/wandernotizen.com\/en\/ein-bisschen-abkuhlung-fur-die-heissen-tage\/","title":{"rendered":"A little refreshment for the hot days"},"content":{"rendered":"<p>Today I have the ultimate refreshment for you for the hot days. Anyone who knows me knows that I'm usually in the mountains when it's this hot. But I also work sometimes and<!--more-->Therefore, it is not always possible for me to drive or hike at high altitudes either. I have already told you about this; see\u00a0<a href=\"https:\/\/141080.com\/outdoor\/7-kuhle-tipps-fur-heisse-tage\/\" target=\"_blank\" rel=\"noopener\">7 cool tips for hot days<\/a>.<\/p>\n<p>So, here's a super cool video from Josh Cowan for you. He took some amazing shots during a trip through Europe, of freezing, ice-cold lakes with black ice. The deepest and whitest forests, as well as great panoramas (panoramas? panoramas?) with a steam locomotive.<\/p>\n<p>Now I wish you a lot of fun with the clip and a cool and relaxing summer =)<\/p>\n<p><iframe loading=\"lazy\" title=\"ALPINE ADVENTURE\" width=\"1200\" height=\"675\" src=\"https:\/\/www.youtube.com\/embed\/_nF_N_inGZc?feature=oembed\" frameborder=\"0\" allow=\"accelerometer; autoplay; clipboard-write; encrypted-media; gyroscope; picture-in-picture; web-share\" allowfullscreen><\/iframe><\/p>\n<p>And for those who like it a bit colder, we invite you to Swedish Lapland. Here's a Hollywood movie filmed especially for you \ud83d\ude09<\/p>\n<p><iframe loading=\"lazy\" title=\"Driving through Swedish Lapland\" width=\"1200\" height=\"675\" src=\"https:\/\/www.youtube.com\/embed\/QbIP91NTzBM?feature=oembed\" frameborder=\"0\" allow=\"accelerometer; autoplay; clipboard-write; encrypted-media; gyroscope; picture-in-picture; web-share\" allowfullscreen><\/iframe><\/p>\n<p>&nbsp;<\/p>","protected":false},"excerpt":{"rendered":"<p>Heute habe ich f\u00fcr euch die ultimative Abk\u00fchlung f\u00fcr die heissen Tage. Wer mich kennt, der weiss ja, dass ich mich meist in den Bergen aufhalte, wenn es so heiss ist. Aber auch arbeite manchmal &#8230; <a title=\"A little refreshment for the hot days\" class=\"read-more\" href=\"https:\/\/wandernotizen.com\/en\/ein-bisschen-abkuhlung-fur-die-heissen-tage\/\" aria-label=\"Read more about Ein bisschen Abk\u00fchlung f\u00fcr die heissen Tage\">READ MORE<\/a><\/p>","protected":false},"author":1,"featured_media":4632,"comment_status":"open","ping_status":"open","sticky":false,"template":"","format":"standard","meta":{"footnotes":""},"categories":[139],"tags":[330,329,331],"class_list":["post-4631","post","type-post","status-publish","format-standard","has-post-thumbnail","hentry","category-lifestyle","tag-abkuhlung-fur-die-heissen-tage","tag-alpine-adventure","tag-lapland","infinite-scroll-item","generate-columns","tablet-grid-50","mobile-grid-100","grid-parent","grid-50"],"_links":{"self":[{"href":"https:\/\/wandernotizen.com\/en\/wp-json\/wp\/v2\/posts\/4631","targetHints":{"allow":["GET"]}}],"collection":[{"href":"https:\/\/wandernotizen.com\/en\/wp-json\/wp\/v2\/posts"}],"about":[{"href":"https:\/\/wandernotizen.com\/en\/wp-json\/wp\/v2\/types\/post"}],"author":[{"embeddable":true,"href":"https:\/\/wandernotizen.com\/en\/wp-json\/wp\/v2\/users\/1"}],"replies":[{"embeddable":true,"href":"https:\/\/wandernotizen.com\/en\/wp-json\/wp\/v2\/comments?post=4631"}],"version-history":[{"count":0,"href":"https:\/\/wandernotizen.com\/en\/wp-json\/wp\/v2\/posts\/4631\/revisions"}],"wp:featuredmedia":[{"embeddable":true,"href":"https:\/\/wandernotizen.com\/en\/wp-json\/wp\/v2\/media\/4632"}],"wp:attachment":[{"href":"https:\/\/wandernotizen.com\/en\/wp-json\/wp\/v2\/media?parent=4631"}],"wp:term":[{"taxonomy":"category","embeddable":true,"href":"https:\/\/wandernotizen.com\/en\/wp-json\/wp\/v2\/categories?post=4631"},{"taxonomy":"post_tag","embeddable":true,"href":"https:\/\/wandernotizen.com\/en\/wp-json\/wp\/v2\/tags?post=4631"}],"curies":[{"name":"wp","href":"https:\/\/api.w.org\/{rel}","templated":true}]}}