{"id":852,"date":"2015-06-24T13:39:14","date_gmt":"2015-06-24T13:39:14","guid":{"rendered":"http:\/\/141080.com\/?p=852"},"modified":"2016-10-18T13:32:08","modified_gmt":"2016-10-18T11:32:08","slug":"schweizer-putzen-sogar-die-berge","status":"publish","type":"post","link":"https:\/\/wandernotizen.com\/en\/schweizer-putzen-sogar-die-berge\/","title":{"rendered":"The Swiss even clean the mountains"},"content":{"rendered":"<p class=\"text\">The Swiss even clean the mountains. Unbelievable, but true, <!--more-->as you can see in the following spot \ud83d\ude42<\/p>\n<p class=\"text\">Dieser Spot wurde 2009 von Schweiz Tourismus als Aprilscherz ver\u00f6ffentlicht, um auf die Schweiz als Ferienziel aufmerksam zu machen. Unter dem Motto &#8222;Wir tun alles f\u00fcr perfekte Ferien&#8220; m\u00f6chte man hiermit j\u00fcngere, webaffine Zielgruppen ansprechen. Was wirklich cool ist, ist die Tatsache, dass das Video in sechs Sprachen \u00fcbersetzt wurde und in s\u00e4mtlichen Tageszeitungen online ging, da es anfangs als seri\u00f6s eingestuft wurde.<\/p>\n<p class=\"text\">Hello??? Are they cleaning mountains here! How can anyone consider this serious? =)<\/p>\n<p class=\"text\">Nun ja, hier ist der Clip&#8230;viel Spass<\/p>\n<p><iframe loading=\"lazy\" title=\"Rock cleaner Switzerland\" width=\"1200\" height=\"675\" src=\"https:\/\/www.youtube.com\/embed\/wBkXojVKzME?feature=oembed\" frameborder=\"0\" allow=\"accelerometer; autoplay; clipboard-write; encrypted-media; gyroscope; picture-in-picture; web-share\" allowfullscreen><\/iframe><\/p>\n<p>&nbsp;<\/p>","protected":false},"excerpt":{"rendered":"<p>The Swiss even clean the mountains. Unbelievable, but true,<\/p>","protected":false},"author":1,"featured_media":858,"comment_status":"open","ping_status":"open","sticky":false,"template":"","format":"standard","meta":{"footnotes":""},"categories":[139],"tags":[141,140,17],"class_list":["post-852","post","type-post","status-publish","format-standard","has-post-thumbnail","hentry","category-lifestyle","tag-ferien-in-der-schweiz","tag-schweiz-tourismus","tag-spass","infinite-scroll-item","generate-columns","tablet-grid-50","mobile-grid-100","grid-parent","grid-50"],"_links":{"self":[{"href":"https:\/\/wandernotizen.com\/en\/wp-json\/wp\/v2\/posts\/852","targetHints":{"allow":["GET"]}}],"collection":[{"href":"https:\/\/wandernotizen.com\/en\/wp-json\/wp\/v2\/posts"}],"about":[{"href":"https:\/\/wandernotizen.com\/en\/wp-json\/wp\/v2\/types\/post"}],"author":[{"embeddable":true,"href":"https:\/\/wandernotizen.com\/en\/wp-json\/wp\/v2\/users\/1"}],"replies":[{"embeddable":true,"href":"https:\/\/wandernotizen.com\/en\/wp-json\/wp\/v2\/comments?post=852"}],"version-history":[{"count":0,"href":"https:\/\/wandernotizen.com\/en\/wp-json\/wp\/v2\/posts\/852\/revisions"}],"wp:featuredmedia":[{"embeddable":true,"href":"https:\/\/wandernotizen.com\/en\/wp-json\/wp\/v2\/media\/858"}],"wp:attachment":[{"href":"https:\/\/wandernotizen.com\/en\/wp-json\/wp\/v2\/media?parent=852"}],"wp:term":[{"taxonomy":"category","embeddable":true,"href":"https:\/\/wandernotizen.com\/en\/wp-json\/wp\/v2\/categories?post=852"},{"taxonomy":"post_tag","embeddable":true,"href":"https:\/\/wandernotizen.com\/en\/wp-json\/wp\/v2\/tags?post=852"}],"curies":[{"name":"wp","href":"https:\/\/api.w.org\/{rel}","templated":true}]}}